{"id":6306,"date":"2019-05-30T17:56:24","date_gmt":"2019-05-30T15:56:24","guid":{"rendered":"http:\/\/trinijove.org\/?p=6306"},"modified":"2021-04-23T12:12:38","modified_gmt":"2021-04-23T12:12:38","slug":"trinijove-participa-a-la-campanya-lets-clean-up-europe","status":"publish","type":"post","link":"https:\/\/trinijove.org\/es\/trinijove-participa-a-la-campanya-lets-clean-up-europe\/","title":{"rendered":"Trinijove participa a la campanya Let\u2019s Clean Up Europe"},"content":{"rendered":"<pre style=\"text-align: center;\"><strong>El <\/strong><a href=\"http:\/\/residus.gencat.cat\/ca\/ambits_dactuacio\/prevencio\/setmana_europea\/lets_clean_up_europe\/\"><strong>Let\u2019s Clean Up Europe<\/strong><\/a><strong> arriba enguany als 80 treballadors i voluntaris d\u2019empreses, tamb\u00e9 de Trinijove, i als 750 kg de residus recollits<\/strong><\/pre>\n<p style=\"text-align: justify;\"><span style=\"font-family: verdana, geneva, sans-serif;\"><strong>Som realment conscients de la gran quantitat de la brossa que llencem i podr\u00edem evitar llen\u00e7ar? Sabeu el gran volum de residus que es poden recollir en un espai natural i quin impacte t\u00e9 a la naturalesa?<\/strong> Segurament no tinguem resposta concreta a aquestes preguntes, ja que si les tingu\u00e9ssim cuidar\u00edem millor el nostre entorn i planeta.<\/span><\/p>\n<p style=\"text-align: justify;\"><span style=\"font-family: verdana, geneva, sans-serif;\">En la <a href=\"https:\/\/trinijove.org\/es\/\"><strong>Fundaci\u00f3n Trinijove<\/strong><\/a> estem tan sensibilitzats amb la <strong>cura del medi ambient<\/strong> que no ens vam voler perdre el <strong>6\u00e8<\/strong> <a href=\"http:\/\/residus.gencat.cat\/ca\/ambits_dactuacio\/prevencio\/setmana_europea\/lets_clean_up_europe\/\"><strong>Let\u2019s Clean Up Europe<\/strong><\/a>, una <strong>campanya de voluntariat ambiental<\/strong> coordinada per l\u2019<a href=\"http:\/\/residus.gencat.cat\/ca\/inici\"><strong>Ag\u00e8ncia de Residus de Catalunya<\/strong><\/a> que <strong>promou accions de recollida de deixalles als espais naturals<\/strong>. <\/span><\/p>\n<p style=\"text-align: justify;\"><img decoding=\"async\" class=\"size-medium wp-image-6310 aligncenter lazyload\" data-src=\"https:\/\/trinijove.org\/wp-content\/uploads\/2021\/04\/Screenshot_20190510_152612-300x227.jpg\" alt=\"\" width=\"300\" height=\"227\" src=\"data:image\/svg+xml;base64,PHN2ZyB3aWR0aD0iMSIgaGVpZ2h0PSIxIiB4bWxucz0iaHR0cDovL3d3dy53My5vcmcvMjAwMC9zdmciPjwvc3ZnPg==\" style=\"--smush-placeholder-width: 300px; --smush-placeholder-aspect-ratio: 300\/227;\"><\/p>\n<p style=\"text-align: justify;\"><span style=\"font-family: verdana, geneva, sans-serif;\">Aquesta jornada, emmarcada anualment dins de la <a href=\"http:\/\/residus.gencat.cat\/ca\/ambits_dactuacio\/prevencio\/setmana_europea\/\"><strong>Setmana Europea de Prevenci\u00f3 de Residus<\/strong><\/a>, ha arribat enguany a la seva <strong>6\u00aa edici\u00f3<\/strong> i ho ha fet <strong>amb una<\/strong> <strong>major consolidaci\u00f3 i participaci\u00f3<\/strong> respecte a edicions anteriors. A m\u00e9s de la nostra entitat, es van sumar a la jornada de neteja l\u2019<a href=\"https:\/\/www.hiltonhotels.com\/es_XM\/espana\/hilton-diagonal-mar-barcelona\/\"><strong>Hotel Hilton Diagonal Mar<\/strong><\/a>, l\u2019<a href=\"https:\/\/www.hotelbarcelonaprincess.com\/\"><strong>Hotel Barcelona Princess<\/strong><\/a>, l\u2019<a href=\"https:\/\/www.ilunionbarcelona.com\/?utm_source=Google.mybusiness&amp;utm_medium=organic&amp;utm_campaign=Google_my_business_CTA_sitio_web_barcelona\"><strong>Hotel Ilunion Barcelona<\/strong><\/a>, els<strong> hotels <\/strong><a href=\"https:\/\/www.melia.com\/es\/hoteles\/espana\/barcelona\/melia-barcelona-sky\/index.htm\"><strong>Meli\u00e0 Barcelona Sky<\/strong><\/a><strong> i <\/strong><a href=\"https:\/\/www.melia.com\/es\/hoteles\/espana\/barcelona\/melia-barcelona-sarria\/index.html\"><strong>Meli\u00e0 Barcelona Sarri\u00e0<\/strong><\/a>, l\u2019<a href=\"https:\/\/www.hotelnegrescoprincess.com\/\"><strong>Hotel Negresco<\/strong><\/a> i <a href=\"https:\/\/www.smartcongress.es\/\"><strong>Smart Congress<\/strong><\/a>.<\/span><\/p>\n<p style=\"text-align: justify;\"><img decoding=\"async\" class=\"size-medium wp-image-6308 aligncenter lazyload\" data-src=\"https:\/\/trinijove.org\/wp-content\/uploads\/2021\/04\/Screenshot_20190510_152542-300x190.jpg\" alt=\"\" width=\"300\" height=\"190\" src=\"data:image\/svg+xml;base64,PHN2ZyB3aWR0aD0iMSIgaGVpZ2h0PSIxIiB4bWxucz0iaHR0cDovL3d3dy53My5vcmcvMjAwMC9zdmciPjwvc3ZnPg==\" style=\"--smush-placeholder-width: 300px; --smush-placeholder-aspect-ratio: 300\/190;\"><\/p>\n<p style=\"text-align: justify;\"><span style=\"font-family: verdana, geneva, sans-serif;\">Un total de <strong>80 empreses pertanyents a <a href=\"http:\/\/barcelonaforumdistrict.com\/\">Barcelona Forum District<\/a><\/strong>, entre elles <a href=\"\/es\/trinijove.org\/\">Trinijove<\/a>, van participar el passat <strong>10 de maig<\/strong> a la campanya <a href=\"http:\/\/residus.gencat.cat\/ca\/ambits_dactuacio\/prevencio\/setmana_europea\/lets_clean_up_europe\/\"><strong>#LetsCleanUpEurope<\/strong><\/a> al <a href=\"https:\/\/www.parcnaturalcollserola.cat\/\"><strong>Parc de Collserola<\/strong><\/a>, com ja \u00e9s tradici\u00f3. Entre els\/les treballadors\/es i voluntaris\/es de les empreses participants vam recollir fins a <strong>750 kg de residus<\/strong>, inclosos els voluminosos. Totes les escorrialles recollides es van classificar i separar correctament per fer la seva posterior recollida selectiva.<\/span><\/p>\n<p style=\"text-align: justify;\"><img decoding=\"async\" class=\"size-medium wp-image-6307 aligncenter lazyload\" data-src=\"https:\/\/trinijove.org\/wp-content\/uploads\/2021\/04\/IMG_20190510_124428-e1557500011598-300x225.jpg\" alt=\"\" width=\"300\" height=\"225\" src=\"data:image\/svg+xml;base64,PHN2ZyB3aWR0aD0iMSIgaGVpZ2h0PSIxIiB4bWxucz0iaHR0cDovL3d3dy53My5vcmcvMjAwMC9zdmciPjwvc3ZnPg==\" style=\"--smush-placeholder-width: 300px; --smush-placeholder-aspect-ratio: 300\/225;\"><\/p>\n<p style=\"text-align: justify;\"><span style=\"font-family: verdana, geneva, sans-serif;\">Nosaltres que vam tenir la sort de contribuir a les <strong>accions de neteja<\/strong> al Parc de Collserola sabem de l\u2019\u2019obligaci\u00f3 moral\u2019 que tenim de <strong>seguir conscienciant a la ciutadania<\/strong> <strong>sobre la gran quantitat de residus que llencem de manera incontrolada als espais naturals, i promoure accions &nbsp;de recollida dels que s\u2019han abocat en boscos, platges, rius, etc<\/strong>.<\/span><a href=\"http:\/\/trinijove.org\/wp-content\/uploads\/2019\/05\/Screenshot_20190510_152557.jpg\"><img decoding=\"async\" class=\"size-medium wp-image-6309 aligncenter lazyload\" data-src=\"https:\/\/trinijove.org\/wp-content\/uploads\/2021\/04\/Screenshot_20190510_152557-202x300.jpg\" alt=\"\" width=\"202\" height=\"300\" src=\"data:image\/svg+xml;base64,PHN2ZyB3aWR0aD0iMSIgaGVpZ2h0PSIxIiB4bWxucz0iaHR0cDovL3d3dy53My5vcmcvMjAwMC9zdmciPjwvc3ZnPg==\" style=\"--smush-placeholder-width: 202px; --smush-placeholder-aspect-ratio: 202\/300;\"><\/a><\/p>\n<p style=\"text-align: justify;\"><span style=\"font-family: verdana, geneva, sans-serif;\">Sota un <strong>sol radiant<\/strong> i un <strong>ambient alegre i familiar <\/strong>vam estar un any m\u00e9s al <a href=\"http:\/\/residus.gencat.cat\/ca\/ambits_dactuacio\/prevencio\/setmana_europea\/lets_clean_up_europe\/\"><strong>#LetsCleanUpEurope<\/strong><\/a>, celebrat <strong>del 10 al 12 de maig a Catalunya<\/strong> tot i que tamb\u00e9 s\u2019han fet <strong>altres actuacions durant el mes de maig i<\/strong> se\u2019n far\u00e0 <strong>alguna m\u00e9s, fins i tot, al juny.<\/strong> &nbsp;<\/span><\/p>\n<p style=\"text-align: justify;\"><img decoding=\"async\" class=\"size-medium wp-image-6311 aligncenter lazyload\" data-src=\"https:\/\/trinijove.org\/wp-content\/uploads\/2021\/04\/P_20161127_123819-300x199.jpg\" alt=\"\" width=\"300\" height=\"199\" src=\"data:image\/svg+xml;base64,PHN2ZyB3aWR0aD0iMSIgaGVpZ2h0PSIxIiB4bWxucz0iaHR0cDovL3d3dy53My5vcmcvMjAwMC9zdmciPjwvc3ZnPg==\" style=\"--smush-placeholder-width: 300px; --smush-placeholder-aspect-ratio: 300\/199;\"><\/p>","protected":false},"excerpt":{"rendered":"<p>El Let\u2019s Clean Up Europe arriba enguany als 80 treballadors i voluntaris d\u2019empreses, tamb\u00e9 de Trinijove, i als 750 kg de residus recollits Som realment conscients de la gran quantitat de la brossa que llencem i podr\u00edem evitar llen\u00e7ar? Sabeu el gran volum de residus&#8230;<\/p>","protected":false},"author":8,"featured_media":8621,"comment_status":"open","ping_status":"open","sticky":false,"template":"","format":"standard","meta":{"_monsterinsights_skip_tracking":false,"footnotes":""},"categories":[22],"tags":[218,219,220,221,222,223,224,225,226,227],"class_list":["post-6306","post","type-post","status-publish","format-standard","has-post-thumbnail","hentry","category-noticies","tag-letscleanupeurope","tag-accions-de-neteja","tag-deixalles","tag-espais-naturals","tag-lets-clean-up-europe","tag-medi-ambient","tag-parc-de-collserola","tag-recollida-de-residus","tag-residus","tag-setmana-europea-de-prevencio-de-residus"],"yoast_head":"<!-- This site is optimized with the Yoast SEO plugin v28.3 - https:\/\/yoast.com\/product\/yoast-seo-wordpress\/ -->\n<title>Trinijove participa a la campanya Let\u2019s Clean Up Europe - Fundaci\u00f3 Privada Trinijove<\/title>\n<meta name=\"robots\" content=\"index, follow, max-snippet:-1, max-image-preview:large, max-video-preview:-1\" \/>\n<link rel=\"canonical\" href=\"https:\/\/trinijove.org\/es\/trinijove-participa-a-la-campanya-lets-clean-up-europe\/\" \/>\n<meta property=\"og:locale\" content=\"es_ES\" \/>\n<meta property=\"og:type\" content=\"article\" \/>\n<meta property=\"og:title\" content=\"Trinijove participa a la campanya Let\u2019s Clean Up Europe - Fundaci\u00f3 Privada Trinijove\" \/>\n<meta property=\"og:description\" content=\"El Let\u2019s Clean Up Europe arriba enguany als 80 treballadors i voluntaris d\u2019empreses, tamb\u00e9 de Trinijove, i als 750 kg de residus recollits Som realment conscients de la gran quantitat de la brossa que llencem i podr\u00edem evitar llen\u00e7ar? Sabeu el gran volum de residus...\" \/>\n<meta property=\"og:url\" content=\"https:\/\/trinijove.org\/es\/trinijove-participa-a-la-campanya-lets-clean-up-europe\/\" \/>\n<meta property=\"og:site_name\" content=\"Fundaci\u00f3 Privada Trinijove\" \/>\n<meta property=\"article:published_time\" content=\"2019-05-30T15:56:24+00:00\" \/>\n<meta property=\"article:modified_time\" content=\"2021-04-23T12:12:38+00:00\" \/>\n<meta property=\"og:image\" content=\"https:\/\/trinijove.org\/wp-content\/uploads\/2019\/05\/Screenshot_20190510_152542.jpg\" \/>\n\t<meta property=\"og:image:width\" content=\"959\" \/>\n\t<meta property=\"og:image:height\" content=\"608\" \/>\n\t<meta property=\"og:image:type\" content=\"image\/jpeg\" \/>\n<meta name=\"author\" content=\"ComunicaciofundacioFPT\" \/>\n<meta name=\"twitter:card\" content=\"summary_large_image\" \/>\n<meta name=\"twitter:label1\" content=\"Escrito por\" \/>\n\t<meta name=\"twitter:data1\" content=\"ComunicaciofundacioFPT\" \/>\n\t<meta name=\"twitter:label2\" content=\"Tiempo de lectura\" \/>\n\t<meta name=\"twitter:data2\" content=\"3 minutos\" \/>\n<script type=\"application\/ld+json\" class=\"yoast-schema-graph\">{\"@context\":\"https:\\\/\\\/schema.org\",\"@graph\":[{\"@type\":\"Article\",\"@id\":\"https:\\\/\\\/trinijove.org\\\/trinijove-participa-a-la-campanya-lets-clean-up-europe\\\/#article\",\"isPartOf\":{\"@id\":\"https:\\\/\\\/trinijove.org\\\/trinijove-participa-a-la-campanya-lets-clean-up-europe\\\/\"},\"author\":{\"name\":\"ComunicaciofundacioFPT\",\"@id\":\"https:\\\/\\\/trinijove.org\\\/#\\\/schema\\\/person\\\/b4489b4d52fcedfd8edd1ff7d54927d6\"},\"headline\":\"Trinijove participa a la campanya Let\u2019s Clean Up Europe\",\"datePublished\":\"2019-05-30T15:56:24+00:00\",\"dateModified\":\"2021-04-23T12:12:38+00:00\",\"mainEntityOfPage\":{\"@id\":\"https:\\\/\\\/trinijove.org\\\/trinijove-participa-a-la-campanya-lets-clean-up-europe\\\/\"},\"wordCount\":378,\"commentCount\":0,\"publisher\":{\"@id\":\"https:\\\/\\\/trinijove.org\\\/#organization\"},\"image\":{\"@id\":\"https:\\\/\\\/trinijove.org\\\/trinijove-participa-a-la-campanya-lets-clean-up-europe\\\/#primaryimage\"},\"thumbnailUrl\":\"https:\\\/\\\/trinijove.org\\\/wp-content\\\/uploads\\\/2019\\\/05\\\/Screenshot_20190510_152542.jpg\",\"keywords\":[\"#LetsCleanUpEurope\",\"accions de neteja\",\"deixalles\",\"espais naturals\",\"Let\u2019s Clean Up Europe\",\"medi ambient\",\"Parc de Collserola\",\"recollida de residus\",\"residus\",\"Setmana Europea de Prevenci\u00f3 de Residus\"],\"articleSection\":[\"Not\u00edcies\"],\"inLanguage\":\"es\",\"potentialAction\":[{\"@type\":\"CommentAction\",\"name\":\"Comment\",\"target\":[\"https:\\\/\\\/trinijove.org\\\/trinijove-participa-a-la-campanya-lets-clean-up-europe\\\/#respond\"]}]},{\"@type\":\"WebPage\",\"@id\":\"https:\\\/\\\/trinijove.org\\\/trinijove-participa-a-la-campanya-lets-clean-up-europe\\\/\",\"url\":\"https:\\\/\\\/trinijove.org\\\/trinijove-participa-a-la-campanya-lets-clean-up-europe\\\/\",\"name\":\"Trinijove participa a la campanya Let\u2019s Clean Up Europe - Fundaci\u00f3 Privada Trinijove\",\"isPartOf\":{\"@id\":\"https:\\\/\\\/trinijove.org\\\/#website\"},\"primaryImageOfPage\":{\"@id\":\"https:\\\/\\\/trinijove.org\\\/trinijove-participa-a-la-campanya-lets-clean-up-europe\\\/#primaryimage\"},\"image\":{\"@id\":\"https:\\\/\\\/trinijove.org\\\/trinijove-participa-a-la-campanya-lets-clean-up-europe\\\/#primaryimage\"},\"thumbnailUrl\":\"https:\\\/\\\/trinijove.org\\\/wp-content\\\/uploads\\\/2019\\\/05\\\/Screenshot_20190510_152542.jpg\",\"datePublished\":\"2019-05-30T15:56:24+00:00\",\"dateModified\":\"2021-04-23T12:12:38+00:00\",\"inLanguage\":\"es\",\"potentialAction\":[{\"@type\":\"ReadAction\",\"target\":[\"https:\\\/\\\/trinijove.org\\\/trinijove-participa-a-la-campanya-lets-clean-up-europe\\\/\"]}]},{\"@type\":\"ImageObject\",\"inLanguage\":\"es\",\"@id\":\"https:\\\/\\\/trinijove.org\\\/trinijove-participa-a-la-campanya-lets-clean-up-europe\\\/#primaryimage\",\"url\":\"https:\\\/\\\/trinijove.org\\\/wp-content\\\/uploads\\\/2019\\\/05\\\/Screenshot_20190510_152542.jpg\",\"contentUrl\":\"https:\\\/\\\/trinijove.org\\\/wp-content\\\/uploads\\\/2019\\\/05\\\/Screenshot_20190510_152542.jpg\",\"width\":959,\"height\":608},{\"@type\":\"WebSite\",\"@id\":\"https:\\\/\\\/trinijove.org\\\/#website\",\"url\":\"https:\\\/\\\/trinijove.org\\\/\",\"name\":\"Fundaci\u00f3 Privada Trinijove\",\"description\":\"Treballant junts per crear oportunitats\",\"publisher\":{\"@id\":\"https:\\\/\\\/trinijove.org\\\/#organization\"},\"potentialAction\":[{\"@type\":\"SearchAction\",\"target\":{\"@type\":\"EntryPoint\",\"urlTemplate\":\"https:\\\/\\\/trinijove.org\\\/?s={search_term_string}\"},\"query-input\":{\"@type\":\"PropertyValueSpecification\",\"valueRequired\":true,\"valueName\":\"search_term_string\"}}],\"inLanguage\":\"es\"},{\"@type\":\"Organization\",\"@id\":\"https:\\\/\\\/trinijove.org\\\/#organization\",\"name\":\"Fundaci\u00f3 Privada Trinijove\",\"url\":\"https:\\\/\\\/trinijove.org\\\/\",\"logo\":{\"@type\":\"ImageObject\",\"inLanguage\":\"es\",\"@id\":\"https:\\\/\\\/trinijove.org\\\/#\\\/schema\\\/logo\\\/image\\\/\",\"url\":\"https:\\\/\\\/trinijove.org\\\/wp-content\\\/uploads\\\/2021\\\/04\\\/trinijove-color.png\",\"contentUrl\":\"https:\\\/\\\/trinijove.org\\\/wp-content\\\/uploads\\\/2021\\\/04\\\/trinijove-color.png\",\"width\":153,\"height\":55,\"caption\":\"Fundaci\u00f3 Privada Trinijove\"},\"image\":{\"@id\":\"https:\\\/\\\/trinijove.org\\\/#\\\/schema\\\/logo\\\/image\\\/\"}},{\"@type\":\"Person\",\"@id\":\"https:\\\/\\\/trinijove.org\\\/#\\\/schema\\\/person\\\/b4489b4d52fcedfd8edd1ff7d54927d6\",\"name\":\"ComunicaciofundacioFPT\",\"image\":{\"@type\":\"ImageObject\",\"inLanguage\":\"es\",\"@id\":\"https:\\\/\\\/secure.gravatar.com\\\/avatar\\\/ed40b0fe02947055ae26e5e2db5b7b2c4e09d3943901f644f261b3bfdaee97f2?s=96&d=mm&r=g\",\"url\":\"https:\\\/\\\/secure.gravatar.com\\\/avatar\\\/ed40b0fe02947055ae26e5e2db5b7b2c4e09d3943901f644f261b3bfdaee97f2?s=96&d=mm&r=g\",\"contentUrl\":\"https:\\\/\\\/secure.gravatar.com\\\/avatar\\\/ed40b0fe02947055ae26e5e2db5b7b2c4e09d3943901f644f261b3bfdaee97f2?s=96&d=mm&r=g\",\"caption\":\"ComunicaciofundacioFPT\"},\"url\":\"https:\\\/\\\/trinijove.org\\\/es\\\/author\\\/comunicaciofundaciofpt\\\/\"}]}<\/script>\n<!-- \/ Yoast SEO plugin. -->","yoast_head_json":{"title":"Trinijove participa a la campanya Let\u2019s Clean Up Europe - Fundaci\u00f3 Privada Trinijove","robots":{"index":"index","follow":"follow","max-snippet":"max-snippet:-1","max-image-preview":"max-image-preview:large","max-video-preview":"max-video-preview:-1"},"canonical":"https:\/\/trinijove.org\/es\/trinijove-participa-a-la-campanya-lets-clean-up-europe\/","og_locale":"es_ES","og_type":"article","og_title":"Trinijove participa a la campanya Let\u2019s Clean Up Europe - Fundaci\u00f3 Privada Trinijove","og_description":"El Let\u2019s Clean Up Europe arriba enguany als 80 treballadors i voluntaris d\u2019empreses, tamb\u00e9 de Trinijove, i als 750 kg de residus recollits Som realment conscients de la gran quantitat de la brossa que llencem i podr\u00edem evitar llen\u00e7ar? Sabeu el gran volum de residus...","og_url":"https:\/\/trinijove.org\/es\/trinijove-participa-a-la-campanya-lets-clean-up-europe\/","og_site_name":"Fundaci\u00f3 Privada Trinijove","article_published_time":"2019-05-30T15:56:24+00:00","article_modified_time":"2021-04-23T12:12:38+00:00","og_image":[{"width":959,"height":608,"url":"https:\/\/trinijove.org\/wp-content\/uploads\/2019\/05\/Screenshot_20190510_152542.jpg","type":"image\/jpeg"}],"author":"ComunicaciofundacioFPT","twitter_card":"summary_large_image","twitter_misc":{"Escrito por":"ComunicaciofundacioFPT","Tiempo de lectura":"3 minutos"},"schema":{"@context":"https:\/\/schema.org","@graph":[{"@type":"Article","@id":"https:\/\/trinijove.org\/trinijove-participa-a-la-campanya-lets-clean-up-europe\/#article","isPartOf":{"@id":"https:\/\/trinijove.org\/trinijove-participa-a-la-campanya-lets-clean-up-europe\/"},"author":{"name":"ComunicaciofundacioFPT","@id":"https:\/\/trinijove.org\/#\/schema\/person\/b4489b4d52fcedfd8edd1ff7d54927d6"},"headline":"Trinijove participa a la campanya Let\u2019s Clean Up Europe","datePublished":"2019-05-30T15:56:24+00:00","dateModified":"2021-04-23T12:12:38+00:00","mainEntityOfPage":{"@id":"https:\/\/trinijove.org\/trinijove-participa-a-la-campanya-lets-clean-up-europe\/"},"wordCount":378,"commentCount":0,"publisher":{"@id":"https:\/\/trinijove.org\/#organization"},"image":{"@id":"https:\/\/trinijove.org\/trinijove-participa-a-la-campanya-lets-clean-up-europe\/#primaryimage"},"thumbnailUrl":"https:\/\/trinijove.org\/wp-content\/uploads\/2019\/05\/Screenshot_20190510_152542.jpg","keywords":["#LetsCleanUpEurope","accions de neteja","deixalles","espais naturals","Let\u2019s Clean Up Europe","medi ambient","Parc de Collserola","recollida de residus","residus","Setmana Europea de Prevenci\u00f3 de Residus"],"articleSection":["Not\u00edcies"],"inLanguage":"es","potentialAction":[{"@type":"CommentAction","name":"Comment","target":["https:\/\/trinijove.org\/trinijove-participa-a-la-campanya-lets-clean-up-europe\/#respond"]}]},{"@type":"WebPage","@id":"https:\/\/trinijove.org\/trinijove-participa-a-la-campanya-lets-clean-up-europe\/","url":"https:\/\/trinijove.org\/trinijove-participa-a-la-campanya-lets-clean-up-europe\/","name":"Trinijove participa a la campanya Let\u2019s Clean Up Europe - Fundaci\u00f3 Privada Trinijove","isPartOf":{"@id":"https:\/\/trinijove.org\/#website"},"primaryImageOfPage":{"@id":"https:\/\/trinijove.org\/trinijove-participa-a-la-campanya-lets-clean-up-europe\/#primaryimage"},"image":{"@id":"https:\/\/trinijove.org\/trinijove-participa-a-la-campanya-lets-clean-up-europe\/#primaryimage"},"thumbnailUrl":"https:\/\/trinijove.org\/wp-content\/uploads\/2019\/05\/Screenshot_20190510_152542.jpg","datePublished":"2019-05-30T15:56:24+00:00","dateModified":"2021-04-23T12:12:38+00:00","inLanguage":"es","potentialAction":[{"@type":"ReadAction","target":["https:\/\/trinijove.org\/trinijove-participa-a-la-campanya-lets-clean-up-europe\/"]}]},{"@type":"ImageObject","inLanguage":"es","@id":"https:\/\/trinijove.org\/trinijove-participa-a-la-campanya-lets-clean-up-europe\/#primaryimage","url":"https:\/\/trinijove.org\/wp-content\/uploads\/2019\/05\/Screenshot_20190510_152542.jpg","contentUrl":"https:\/\/trinijove.org\/wp-content\/uploads\/2019\/05\/Screenshot_20190510_152542.jpg","width":959,"height":608},{"@type":"WebSite","@id":"https:\/\/trinijove.org\/#website","url":"https:\/\/trinijove.org\/","name":"Fundaci\u00f3n Privada Trinijove","description":"Treballant junts per crear oportunitats","publisher":{"@id":"https:\/\/trinijove.org\/#organization"},"potentialAction":[{"@type":"SearchAction","target":{"@type":"EntryPoint","urlTemplate":"https:\/\/trinijove.org\/?s={search_term_string}"},"query-input":{"@type":"PropertyValueSpecification","valueRequired":true,"valueName":"search_term_string"}}],"inLanguage":"es"},{"@type":"Organization","@id":"https:\/\/trinijove.org\/#organization","name":"Fundaci\u00f3n Privada Trinijove","url":"https:\/\/trinijove.org\/","logo":{"@type":"ImageObject","inLanguage":"es","@id":"https:\/\/trinijove.org\/#\/schema\/logo\/image\/","url":"https:\/\/trinijove.org\/wp-content\/uploads\/2021\/04\/trinijove-color.png","contentUrl":"https:\/\/trinijove.org\/wp-content\/uploads\/2021\/04\/trinijove-color.png","width":153,"height":55,"caption":"Fundaci\u00f3 Privada Trinijove"},"image":{"@id":"https:\/\/trinijove.org\/#\/schema\/logo\/image\/"}},{"@type":"Person","@id":"https:\/\/trinijove.org\/#\/schema\/person\/b4489b4d52fcedfd8edd1ff7d54927d6","name":"ComunicaciofundacioFPT","image":{"@type":"ImageObject","inLanguage":"es","@id":"https:\/\/secure.gravatar.com\/avatar\/ed40b0fe02947055ae26e5e2db5b7b2c4e09d3943901f644f261b3bfdaee97f2?s=96&d=mm&r=g","url":"https:\/\/secure.gravatar.com\/avatar\/ed40b0fe02947055ae26e5e2db5b7b2c4e09d3943901f644f261b3bfdaee97f2?s=96&d=mm&r=g","contentUrl":"https:\/\/secure.gravatar.com\/avatar\/ed40b0fe02947055ae26e5e2db5b7b2c4e09d3943901f644f261b3bfdaee97f2?s=96&d=mm&r=g","caption":"ComunicaciofundacioFPT"},"url":"https:\/\/trinijove.org\/es\/author\/comunicaciofundaciofpt\/"}]}},"_links":{"self":[{"href":"https:\/\/trinijove.org\/es\/wp-json\/wp\/v2\/posts\/6306","targetHints":{"allow":["GET"]}}],"collection":[{"href":"https:\/\/trinijove.org\/es\/wp-json\/wp\/v2\/posts"}],"about":[{"href":"https:\/\/trinijove.org\/es\/wp-json\/wp\/v2\/types\/post"}],"author":[{"embeddable":true,"href":"https:\/\/trinijove.org\/es\/wp-json\/wp\/v2\/users\/8"}],"replies":[{"embeddable":true,"href":"https:\/\/trinijove.org\/es\/wp-json\/wp\/v2\/comments?post=6306"}],"version-history":[{"count":2,"href":"https:\/\/trinijove.org\/es\/wp-json\/wp\/v2\/posts\/6306\/revisions"}],"predecessor-version":[{"id":8622,"href":"https:\/\/trinijove.org\/es\/wp-json\/wp\/v2\/posts\/6306\/revisions\/8622"}],"wp:featuredmedia":[{"embeddable":true,"href":"https:\/\/trinijove.org\/es\/wp-json\/wp\/v2\/media\/8621"}],"wp:attachment":[{"href":"https:\/\/trinijove.org\/es\/wp-json\/wp\/v2\/media?parent=6306"}],"wp:term":[{"taxonomy":"category","embeddable":true,"href":"https:\/\/trinijove.org\/es\/wp-json\/wp\/v2\/categories?post=6306"},{"taxonomy":"post_tag","embeddable":true,"href":"https:\/\/trinijove.org\/es\/wp-json\/wp\/v2\/tags?post=6306"}],"curies":[{"name":"wp","href":"https:\/\/api.w.org\/{rel}","templated":true}]}}